{"id":3954,"date":"2025-06-03T11:58:22","date_gmt":"2025-06-03T09:58:22","guid":{"rendered":"https:\/\/www.cvs-marketing.com\/?p=3954"},"modified":"2025-12-14T15:36:39","modified_gmt":"2025-12-14T14:36:39","slug":"pourquoi-externaliser-son-marketing-b2b-7-avantages-concrets-pour-votre-pme","status":"publish","type":"post","link":"https:\/\/www.cvs-marketing.com\/en\/why-outsource-your-b2b-marketing-7-concrete-benefits-for-your-sme\/","title":{"rendered":"Why outsource your B2B marketing: 7 concrete benefits for your SME"},"content":{"rendered":"<p>[et_pb_section fb_built=\u00a0\u00bb1&Prime; admin_label=\u00a0\u00bbHeader\u00a0\u00bb _builder_version=\u00a0\u00bb4.25.2&Prime; _module_preset=\u00a0\u00bb29053890-2ee3-405f-a1b7-614b001ab16b\u00a0\u00bb background_color_gradient_stops=\u00a0\u00bbgcid-d119accd-44d7-4f2f-b9d7-599c8463324b 0%|rgba(255,255,255,0) 25%|rgba(7,33,48,0.6) 76%|#072130 100%\u00a0\u00bb background_image=\u00a0\u00bbhttps:\/\/www.cvs-marketing.com\/wp-content\/uploads\/2025\/05\/non-profit-03.jpg\u00a0\u00bb collapsed=\u00a0\u00bbon\u00a0\u00bb global_colors_info=\u00a0\u00bb{%22gcid-1f1bf5fb-a99d-4acc-8d9e-ddac074c158c%22:%91%22background_color_gradient_stops%22,%22background_color_gradient_stops%22%93,%22gcid-4c79ba3d-a281-4fb6-9b14-02f9a4c793f2%22:%91%22background_color_gradient_stops%22,%22background_color_gradient_stops%22%93,%22gcid-688c464a-d6f2-4296-b592-395352c71c79%22:%91%22background_color_gradient_stops%22,%22background_color_gradient_stops%22%93,%22gcid-d119accd-44d7-4f2f-b9d7-599c8463324b%22:%91%22background_color_gradient_stops%22,%22background_color_gradient_stops%22%93}\u00a0\u00bb][et_pb_row _builder_version=\u00a0\u00bb4.25.1&Prime; _module_preset=\u00a0\u00bbdefault\u00a0\u00bb global_colors_info=\u00a0\u00bb{}\u00a0\u00bb][et_pb_column type=\u00a0\u00bb4_4&Prime; _builder_version=\u00a0\u00bb4.25.1&Prime; _module_preset=\u00a0\u00bbdefault\u00a0\u00bb global_colors_info=\u00a0\u00bb{}\u00a0\u00bb][et_pb_heading title=\u00a0\u00bbPourquoi externaliser le marketing de votre PME\u00a0\u00bb _builder_version=\u00a0\u00bb4.27.4&Prime; _module_preset=\u00a0\u00bb499c7404-fa99-4437-986d-aa43b68e8d55&Prime; title_text_align=\u00a0\u00bbcenter\u00a0\u00bb title_text_color=\u00a0\u00bb#19879F\u00a0\u00bb custom_margin=\u00a0\u00bb||10px||false|false\u00a0\u00bb global_colors_info=\u00a0\u00bb{}\u00a0\u00bb][\/et_pb_heading][et_pb_text _builder_version=\u00a0\u00bb4.27.4&Prime; _module_preset=\u00a0\u00bb875357d4-0c97-4264-8956-d364997a5e6a\u00a0\u00bb text_font=\u00a0\u00bbPoppins||||||||\u00a0\u00bb text_text_color=\u00a0\u00bb#000000&Prime; text_orientation=\u00a0\u00bbcenter\u00a0\u00bb global_colors_info=\u00a0\u00bb{}\u00a0\u00bb]<\/p>\n<p>Dans un environnement concurrentiel en constante \u00e9volution, les PME B2B doivent redoubler d&rsquo;efforts pour capter l&rsquo;attention de leurs prospects, se diff\u00e9rencier et g\u00e9n\u00e9rer des leads qualifi\u00e9s. Pourtant, beaucoup de petites et moyennes entreprises peinent \u00e0 structurer une strat\u00e9gie marketing efficace, par manque de temps, de ressources ou d\u2019expertise.<\/p>\n<p>[\/et_pb_text][\/et_pb_column][\/et_pb_row][et_pb_row column_structure=\u00a0\u00bb1_3,1_3,1_3&Prime; make_equal=\u00a0\u00bbon\u00a0\u00bb _builder_version=\u00a0\u00bb4.25.2&Prime; _module_preset=\u00a0\u00bbdefault\u00a0\u00bb global_colors_info=\u00a0\u00bb{}\u00a0\u00bb][et_pb_column type=\u00a0\u00bb1_3&Prime; _builder_version=\u00a0\u00bb4.25.2&Prime; _module_preset=\u00a0\u00bb50d54293-973d-494e-94ac-cbf8f8438728&Prime; global_colors_info=\u00a0\u00bb{}\u00a0\u00bb][et_pb_number_counter number=\u00a0\u00bb2026&Prime; percent_sign=\u00a0\u00bboff\u00a0\u00bb _builder_version=\u00a0\u00bb4.27.5&Prime; _module_preset=\u00a0\u00bb6d1e8699-a979-486e-a437-1f2d3eb7d231&Prime; number_font=\u00a0\u00bbPoppins||||||||\u00a0\u00bb number_text_color=\u00a0\u00bb#19879F\u00a0\u00bb number_font_size=\u00a0\u00bb60px\u00a0\u00bb text_orientation=\u00a0\u00bbleft\u00a0\u00bb global_colors_info=\u00a0\u00bb{%22gcid-1f1b4e15-7cc6-4e13-8154-74d77a956460%22:%91%22quote_border_color%22,%22link_text_color%22,%22quote_text_color%22,%22quote_border_color%22,%22link_text_color%22,%22quote_text_color%22%93,%22gcid-d7cd5a78-aaef-4f36-82a3-4d3706015cba%22:%91%22link_text_color%22%93}\u00a0\u00bb][\/et_pb_number_counter][et_pb_heading title=\u00a0\u00bbC\u2019est l\u00e0 qu\u2019intervient l\u2019externalisation du marketing B2B.\u00a0\u00bb _builder_version=\u00a0\u00bb4.27.4&Prime; _module_preset=\u00a0\u00bbdd948025-dbee-44e2-ad4b-44007ed83297&Prime; title_font=\u00a0\u00bbPoppins||||||||\u00a0\u00bb title_text_color=\u00a0\u00bb#19879F\u00a0\u00bb custom_margin=\u00a0\u00bb||10px||false|false\u00a0\u00bb global_colors_info=\u00a0\u00bb{}\u00a0\u00bb][\/et_pb_heading][et_pb_text _builder_version=\u00a0\u00bb4.27.4&Prime; _module_preset=\u00a0\u00bb875357d4-0c97-4264-8956-d364997a5e6a\u00a0\u00bb text_font=\u00a0\u00bbPoppins||||||||\u00a0\u00bb text_text_color=\u00a0\u00bb#000000&Prime; global_colors_info=\u00a0\u00bb{}\u00a0\u00bb]<\/p>\n<p>Faire appel \u00e0 une agence sp\u00e9cialis\u00e9e ou \u00e0 un prestataire externe peut transformer vos efforts marketing et devenir un v\u00e9ritable levier de croissance.<\/p>\n<p>[\/et_pb_text][\/et_pb_column][et_pb_column type=\u00a0\u00bb1_3&Prime; _builder_version=\u00a0\u00bb4.25.2&Prime; _module_preset=\u00a0\u00bbe8268430-b5da-49ca-a519-f1bd730a7f3a\u00a0\u00bb global_colors_info=\u00a0\u00bb{%22gcid-4c79ba3d-a281-4fb6-9b14-02f9a4c793f2%22:%91%22background_color%22%93}\u00a0\u00bb][et_pb_number_counter number=\u00a0\u00bb7&Prime; percent_sign=\u00a0\u00bboff\u00a0\u00bb _builder_version=\u00a0\u00bb4.27.4&Prime; _module_preset=\u00a0\u00bb6d1e8699-a979-486e-a437-1f2d3eb7d231&Prime; number_font=\u00a0\u00bbPoppins||||||||\u00a0\u00bb number_text_color=\u00a0\u00bb#FFFFFF\u00a0\u00bb number_font_size=\u00a0\u00bb60px\u00a0\u00bb text_orientation=\u00a0\u00bbleft\u00a0\u00bb global_colors_info=\u00a0\u00bb{%22gcid-1f1b4e15-7cc6-4e13-8154-74d77a956460%22:%91%22quote_border_color%22,%22link_text_color%22,%22quote_text_color%22,%22quote_border_color%22,%22link_text_color%22,%22quote_text_color%22%93,%22gcid-d7cd5a78-aaef-4f36-82a3-4d3706015cba%22:%91%22link_text_color%22%93}\u00a0\u00bb][\/et_pb_number_counter][et_pb_heading title=\u00a0\u00bbAvantages concrets\u00a0\u00bb _builder_version=\u00a0\u00bb4.27.4&Prime; _module_preset=\u00a0\u00bbdd948025-dbee-44e2-ad4b-44007ed83297&Prime; title_font=\u00a0\u00bbPoppins||||||||\u00a0\u00bb title_text_color=\u00a0\u00bb#FFFFFF\u00a0\u00bb custom_margin=\u00a0\u00bb||10px||false|false\u00a0\u00bb global_colors_info=\u00a0\u00bb{}\u00a0\u00bb][\/et_pb_heading][et_pb_text _builder_version=\u00a0\u00bb4.27.4&Prime; _module_preset=\u00a0\u00bb1cce7585-bfbe-4c72-872c-d0b2716a0440&Prime; text_font=\u00a0\u00bbPoppins||||||||\u00a0\u00bb global_colors_info=\u00a0\u00bb{}\u00a0\u00bb]<\/p>\n<p>\u00e0 externaliser votre marketing B2B de votre PME d\u00e8s cette ann\u00e9e.<\/p>\n<p>[\/et_pb_text][\/et_pb_column][et_pb_column type=\u00a0\u00bb1_3&Prime; _builder_version=\u00a0\u00bb4.25.1&Prime; _module_preset=\u00a0\u00bbdefault\u00a0\u00bb global_colors_info=\u00a0\u00bb{}\u00a0\u00bb][et_pb_image src=\u00a0\u00bbhttps:\/\/www.cvs-marketing.com\/wp-content\/uploads\/2025\/02\/brochure4.webp\u00a0\u00bb title_text=\u00a0\u00bbbrochure4&Prime; _builder_version=\u00a0\u00bb4.27.4&Prime; _module_preset=\u00a0\u00bbb06ff107-af3a-4fc9-8be3-387a8b76f7e6&Prime; global_colors_info=\u00a0\u00bb{}\u00a0\u00bb][\/et_pb_image][et_pb_button button_url=\u00a0\u00bbhttps:\/\/www.cvs-marketing.com\/contact\/\u00a0\u00bb button_text=\u00a0\u00bbContact\u00a0\u00bb button_alignment=\u00a0\u00bbcenter\u00a0\u00bb _builder_version=\u00a0\u00bb4.27.4&Prime; _module_preset=\u00a0\u00bbd10c7f3a-450b-4d5c-af68-8a201f9cfb50&Prime; button_bg_color=\u00a0\u00bb#19879F\u00a0\u00bb button_font=\u00a0\u00bbPoppins|700||on|||||\u00a0\u00bb custom_css_main_element=\u00a0\u00bbwidth: 100%\u00a0\u00bb global_colors_info=\u00a0\u00bb{}\u00a0\u00bb][\/et_pb_button][\/et_pb_column][\/et_pb_row][\/et_pb_section][et_pb_section fb_built=\u00a0\u00bb1&Prime; admin_label=\u00a0\u00bbPrograms\u00a0\u00bb _builder_version=\u00a0\u00bb4.25.1&Prime; _module_preset=\u00a0\u00bbaa31d9c8-1144-419e-a4c7-706113a7d4c7&Prime; collapsed=\u00a0\u00bbon\u00a0\u00bb global_colors_info=\u00a0\u00bb{}\u00a0\u00bb][et_pb_row _builder_version=\u00a0\u00bb4.25.1&Prime; _module_preset=\u00a0\u00bbdefault\u00a0\u00bb global_colors_info=\u00a0\u00bb{}\u00a0\u00bb][et_pb_column type=\u00a0\u00bb4_4&Prime; _builder_version=\u00a0\u00bb4.25.1&Prime; _module_preset=\u00a0\u00bbdefault\u00a0\u00bb global_colors_info=\u00a0\u00bb{}\u00a0\u00bb][et_pb_heading title=\u00a0\u00bbPourquoi externaliser son marketing B2B : 7 avantages concrets pour votre PME\u00a0\u00bb _builder_version=\u00a0\u00bb4.27.4&Prime; _module_preset=\u00a0\u00bb916167a2-b47a-4918-94b1-b1ebd9da5fd0&Prime; title_font=\u00a0\u00bbPoppins|700||on|||||\u00a0\u00bb title_text_color=\u00a0\u00bb#19879F\u00a0\u00bb custom_margin=\u00a0\u00bb||0px||false|false\u00a0\u00bb global_colors_info=\u00a0\u00bb{}\u00a0\u00bb][\/et_pb_heading][et_pb_heading title=\u00a0\u00bbAcc\u00e9der \u00e0 une expertise pointue et \u00e0 jour\u00a0\u00bb _builder_version=\u00a0\u00bb4.27.4&Prime; _module_preset=\u00a0\u00bbf94883a6-a781-4baa-a2a5-57bab95d806c\u00a0\u00bb title_font=\u00a0\u00bbPoppins||||||||\u00a0\u00bb title_text_color=\u00a0\u00bb#19879F\u00a0\u00bb title_font_size=\u00a0\u00bb34px\u00a0\u00bb global_colors_info=\u00a0\u00bb{}\u00a0\u00bb][\/et_pb_heading][et_pb_text _builder_version=\u00a0\u00bb4.27.4&Prime; _module_preset=\u00a0\u00bbdefault\u00a0\u00bb text_font=\u00a0\u00bbPoppins||||||||\u00a0\u00bb text_text_color=\u00a0\u00bb#000000&Prime; text_font_size=\u00a0\u00bb16px\u00a0\u00bb global_colors_info=\u00a0\u00bb{}\u00a0\u00bb]<\/p>\n<p>Le marketing B2B est complexe : SEO, automation, content marketing, campagnes LinkedIn, inbound marketing, analyse de donn\u00e9es, CRM, etc. Ces disciplines demandent des comp\u00e9tences sp\u00e9cifiques, qui \u00e9voluent rapidement.<\/p>\n<p>En externalisant, vous acc\u00e9dez directement \u00e0 une <strong>\u00e9quipe d\u2019experts<\/strong> \u00e0 jour sur les derni\u00e8res tendances, outils et algorithmes. Plus besoin de recruter en interne ni de former vos collaborateurs en continu : vous b\u00e9n\u00e9ficiez imm\u00e9diatement d\u2019un savoir-faire \u00e9prouv\u00e9.<\/p>\n<p><strong>Exemple concret :<\/strong> Une agence peut construire pour vous une strat\u00e9gie d\u2019inbound marketing multicanal (articles de blog, livre blanc, campagne LinkedIn Ads) align\u00e9e sur vos objectifs commerciaux, sans que vous ayez \u00e0 g\u00e9rer 4 freelances diff\u00e9rents.<\/p>\n<p>[\/et_pb_text][\/et_pb_column][\/et_pb_row][et_pb_row column_structure=\u00a0\u00bb1_3,1_3,1_3&Prime; _builder_version=\u00a0\u00bb4.25.1&Prime; _module_preset=\u00a0\u00bbdefault\u00a0\u00bb global_colors_info=\u00a0\u00bb{}\u00a0\u00bb][et_pb_column type=\u00a0\u00bb1_3&Prime; _builder_version=\u00a0\u00bb4.25.1&Prime; _module_preset=\u00a0\u00bbdefault\u00a0\u00bb global_colors_info=\u00a0\u00bb{}\u00a0\u00bb][et_pb_image src=\u00a0\u00bbhttps:\/\/www.cvs-marketing.com\/wp-content\/uploads\/2025\/01\/ENERGIE.png\u00a0\u00bb alt=\u00a0\u00bbAgence marketing energie\u00a0\u00bb title_text=\u00a0\u00bbENERGIE\u00a0\u00bb _builder_version=\u00a0\u00bb4.27.4&Prime; _module_preset=\u00a0\u00bbb06ff107-af3a-4fc9-8be3-387a8b76f7e6&Prime; custom_margin=\u00a0\u00bb||||false|false\u00a0\u00bb global_colors_info=\u00a0\u00bb{}\u00a0\u00bb][\/et_pb_image][et_pb_heading title=\u00a0\u00bbMarch\u00e9s de l&rsquo;\u00e9nergie\u00a0\u00bb _builder_version=\u00a0\u00bb4.27.4&Prime; _module_preset=\u00a0\u00bbdd948025-dbee-44e2-ad4b-44007ed83297&Prime; title_font=\u00a0\u00bbPoppins||||||||\u00a0\u00bb title_text_color=\u00a0\u00bb#19879F\u00a0\u00bb custom_margin=\u00a0\u00bb||0px||false|false\u00a0\u00bb global_colors_info=\u00a0\u00bb{}\u00a0\u00bb][\/et_pb_heading][et_pb_text _builder_version=\u00a0\u00bb4.27.4&Prime; _module_preset=\u00a0\u00bb875357d4-0c97-4264-8956-d364997a5e6a\u00a0\u00bb text_font=\u00a0\u00bbPoppins||||||||\u00a0\u00bb text_text_color=\u00a0\u00bb#000000&Prime; header_font=\u00a0\u00bbPoppins||||||||\u00a0\u00bb header_text_color=\u00a0\u00bb#000000&Prime; header_font_size=\u00a0\u00bb16px\u00a0\u00bb custom_margin=\u00a0\u00bb||10px||false|false\u00a0\u00bb global_colors_info=\u00a0\u00bb{}\u00a0\u00bb]<\/p>\n<p class=\"et_pb_module_header\">Le secteur de l\u2019\u00e9nergie est au c\u0153ur d\u2019une transformation radicale vers un avenir plus durable et d\u00e9carbon\u00e9.<\/p>\n<p>[\/et_pb_text][et_pb_button button_url=\u00a0\u00bbhttps:\/\/www.cvs-marketing.com\/contact\/\u00a0\u00bb button_text=\u00a0\u00bbCommencez \u00e0 prospecter\u00a0\u00bb _builder_version=\u00a0\u00bb4.27.4&Prime; _module_preset=\u00a0\u00bb027f5af8-d486-473f-8133-a1cb4b05837b\u00a0\u00bb button_text_color=\u00a0\u00bb#19879F\u00a0\u00bb button_border_color=\u00a0\u00bb#19879F\u00a0\u00bb button_font=\u00a0\u00bbPoppins|700||on|||||\u00a0\u00bb global_colors_info=\u00a0\u00bb{%22gcid-1f1b4e15-7cc6-4e13-8154-74d77a956460%22:%91%22button_text_color%22%93}\u00a0\u00bb][\/et_pb_button][\/et_pb_column][et_pb_column type=\u00a0\u00bb1_3&Prime; _builder_version=\u00a0\u00bb4.25.1&Prime; _module_preset=\u00a0\u00bbdefault\u00a0\u00bb global_colors_info=\u00a0\u00bb{}\u00a0\u00bb][et_pb_image src=\u00a0\u00bbhttps:\/\/www.cvs-marketing.com\/wp-content\/uploads\/2024\/10\/Industrie-laitiere.jpg\u00a0\u00bb title_text=\u00a0\u00bbIndustrie laitie\u0300re\u00a0\u00bb _builder_version=\u00a0\u00bb4.27.4&Prime; _module_preset=\u00a0\u00bbb06ff107-af3a-4fc9-8be3-387a8b76f7e6&Prime; custom_margin=\u00a0\u00bb||||false|false\u00a0\u00bb global_colors_info=\u00a0\u00bb{}\u00a0\u00bb][\/et_pb_image][et_pb_heading title=\u00a0\u00bbD\u00e9bouch\u00e9s industriels\u00a0\u00bb _builder_version=\u00a0\u00bb4.27.4&Prime; _module_preset=\u00a0\u00bbdd948025-dbee-44e2-ad4b-44007ed83297&Prime; title_font=\u00a0\u00bbPoppins||||||||\u00a0\u00bb title_text_color=\u00a0\u00bb#19879F\u00a0\u00bb custom_margin=\u00a0\u00bb||0px||false|false\u00a0\u00bb global_colors_info=\u00a0\u00bb{}\u00a0\u00bb][\/et_pb_heading][et_pb_text _builder_version=\u00a0\u00bb4.27.4&Prime; _module_preset=\u00a0\u00bb875357d4-0c97-4264-8956-d364997a5e6a\u00a0\u00bb text_font=\u00a0\u00bbPoppins||||||||\u00a0\u00bb text_text_color=\u00a0\u00bb#000000&Prime; custom_margin=\u00a0\u00bb||10px||false|false\u00a0\u00bb global_colors_info=\u00a0\u00bb{}\u00a0\u00bb]<\/p>\n<p>Le secteur industriel est confront\u00e9 \u00e0 des enjeux +en mati\u00e8re d\u2019innovation, de durabilit\u00e9 et de comp\u00e9titivit\u00e9.<\/p>\n<p>[\/et_pb_text][et_pb_button button_url=\u00a0\u00bbhttps:\/\/www.cvs-marketing.com\/contact\/\u00a0\u00bb button_text=\u00a0\u00bbExplorez les industries\u00a0\u00bb _builder_version=\u00a0\u00bb4.27.4&Prime; _module_preset=\u00a0\u00bb027f5af8-d486-473f-8133-a1cb4b05837b\u00a0\u00bb button_text_color=\u00a0\u00bb#19879F\u00a0\u00bb button_border_color=\u00a0\u00bb#19879F\u00a0\u00bb button_font=\u00a0\u00bbPoppins|700||on|||||\u00a0\u00bb global_colors_info=\u00a0\u00bb{%22gcid-1f1b4e15-7cc6-4e13-8154-74d77a956460%22:%91%22button_text_color%22%93}\u00a0\u00bb][\/et_pb_button][\/et_pb_column][et_pb_column type=\u00a0\u00bb1_3&Prime; _builder_version=\u00a0\u00bb4.25.1&Prime; _module_preset=\u00a0\u00bbdefault\u00a0\u00bb global_colors_info=\u00a0\u00bb{}\u00a0\u00bb][et_pb_image src=\u00a0\u00bbhttps:\/\/www.cvs-marketing.com\/wp-content\/uploads\/2024\/10\/BTP-2-scaled.jpg\u00a0\u00bb alt=\u00a0\u00bbR\u00e9alisations CVS\u00a0\u00bb title_text=\u00a0\u00bbR\u00e9alisations CVS\u00a0\u00bb _builder_version=\u00a0\u00bb4.27.4&Prime; _module_preset=\u00a0\u00bbb06ff107-af3a-4fc9-8be3-387a8b76f7e6&Prime; custom_margin=\u00a0\u00bb||||false|false\u00a0\u00bb global_colors_info=\u00a0\u00bb{}\u00a0\u00bb][\/et_pb_image][et_pb_heading title=\u00a0\u00bbConstruction et infrastructures\u00a0\u00bb _builder_version=\u00a0\u00bb4.27.4&Prime; _module_preset=\u00a0\u00bbdd948025-dbee-44e2-ad4b-44007ed83297&Prime; title_font=\u00a0\u00bbPoppins||||||||\u00a0\u00bb title_text_color=\u00a0\u00bb#19879F\u00a0\u00bb custom_margin=\u00a0\u00bb||0px||false|false\u00a0\u00bb global_colors_info=\u00a0\u00bb{}\u00a0\u00bb][\/et_pb_heading][et_pb_text _builder_version=\u00a0\u00bb4.27.4&Prime; _module_preset=\u00a0\u00bb875357d4-0c97-4264-8956-d364997a5e6a\u00a0\u00bb text_font=\u00a0\u00bbPoppins||||||||\u00a0\u00bb text_text_color=\u00a0\u00bb#000000&Prime; custom_margin=\u00a0\u00bb||10px||false|false\u00a0\u00bb global_colors_info=\u00a0\u00bb{}\u00a0\u00bb]<\/p>\n<p>Un secteur confront\u00e9 \u00e0 des enjeux environnementaux, \u00e9conomiques et technologiques majeurs.<\/p>\n<p>[\/et_pb_text][et_pb_button button_url=\u00a0\u00bbhttps:\/\/www.cvs-marketing.com\/contact\/\u00a0\u00bb button_text=\u00a0\u00bbSuivez les Projets\u00a0\u00bb _builder_version=\u00a0\u00bb4.27.4&Prime; _module_preset=\u00a0\u00bb027f5af8-d486-473f-8133-a1cb4b05837b\u00a0\u00bb button_text_color=\u00a0\u00bb#19879F\u00a0\u00bb button_border_color=\u00a0\u00bb#19879F\u00a0\u00bb button_font=\u00a0\u00bbPoppins|700||on|||||\u00a0\u00bb global_colors_info=\u00a0\u00bb{%22gcid-1f1b4e15-7cc6-4e13-8154-74d77a956460%22:%91%22button_text_color%22%93}\u00a0\u00bb][\/et_pb_button][\/et_pb_column][\/et_pb_row][\/et_pb_section][et_pb_section fb_built=\u00a0\u00bb1&Prime; _builder_version=\u00a0\u00bb4.27.4&Prime; _module_preset=\u00a0\u00bbdefault\u00a0\u00bb global_colors_info=\u00a0\u00bb{}\u00a0\u00bb][et_pb_row _builder_version=\u00a0\u00bb4.27.4&Prime; _module_preset=\u00a0\u00bbdefault\u00a0\u00bb global_colors_info=\u00a0\u00bb{}\u00a0\u00bb][et_pb_column type=\u00a0\u00bb4_4&Prime; _builder_version=\u00a0\u00bb4.27.4&Prime; _module_preset=\u00a0\u00bbdefault\u00a0\u00bb global_colors_info=\u00a0\u00bb{}\u00a0\u00bb][et_pb_heading title=\u00a0\u00bbR\u00e9duire les co\u00fbts et ma\u00eetriser votre budget\u00a0\u00bb _builder_version=\u00a0\u00bb4.27.4&Prime; _module_preset=\u00a0\u00bbf94883a6-a781-4baa-a2a5-57bab95d806c\u00a0\u00bb title_font=\u00a0\u00bbPoppins||||||||\u00a0\u00bb title_text_color=\u00a0\u00bb#19879F\u00a0\u00bb title_font_size=\u00a0\u00bb34px\u00a0\u00bb global_colors_info=\u00a0\u00bb{}\u00a0\u00bb][\/et_pb_heading][et_pb_text _builder_version=\u00a0\u00bb4.27.4&Prime; _module_preset=\u00a0\u00bbdefault\u00a0\u00bb text_font=\u00a0\u00bbPoppins||||||||\u00a0\u00bb text_text_color=\u00a0\u00bb#000000&Prime; text_font_size=\u00a0\u00bb16px\u00a0\u00bb global_colors_info=\u00a0\u00bb{}\u00a0\u00bb]<\/p>\n<p>Recruter un responsable marketing, un r\u00e9dacteur, un community manager ou un data analyst en interne repr\u00e9sente un investissement consid\u00e9rable : salaires, charges, logiciels, formation\u2026<\/p>\n<p>Externaliser permet de <strong>ma\u00eetriser vos co\u00fbts<\/strong>, souvent avec un abonnement ou un forfait mensuel clair, et d\u2019adapter le budget en fonction de vos priorit\u00e9s du moment.<\/p>\n<p><strong>Avantage strat\u00e9gique :<\/strong> Vous transformez des co\u00fbts fixes (salaires) en co\u00fbts variables (prestations), ce qui am\u00e9liore votre agilit\u00e9 financi\u00e8re.<\/p>\n<p>[\/et_pb_text][\/et_pb_column][\/et_pb_row][\/et_pb_section][et_pb_section fb_built=\u00a0\u00bb1&Prime; admin_label=\u00a0\u00bbStats\u00a0\u00bb _builder_version=\u00a0\u00bb4.25.2&Prime; _module_preset=\u00a0\u00bb68159dfb-7479-4595-abb5-c5ac1474fa68&Prime; collapsed=\u00a0\u00bbon\u00a0\u00bb global_colors_info=\u00a0\u00bb{}\u00a0\u00bb][et_pb_row _builder_version=\u00a0\u00bb4.25.1&Prime; _module_preset=\u00a0\u00bbdefault\u00a0\u00bb global_colors_info=\u00a0\u00bb{}\u00a0\u00bb][et_pb_column type=\u00a0\u00bb4_4&Prime; _builder_version=\u00a0\u00bb4.25.1&Prime; _module_preset=\u00a0\u00bbdefault\u00a0\u00bb global_colors_info=\u00a0\u00bb{}\u00a0\u00bb][et_pb_heading title=\u00a0\u00bbOffrez-vous flexibilit\u00e9 budg\u00e9taire &#038; adaptation aux besoins sp\u00e9cifiques de votre Entreprise\u00a0\u00bb _builder_version=\u00a0\u00bb4.27.4&Prime; _module_preset=\u00a0\u00bb916167a2-b47a-4918-94b1-b1ebd9da5fd0&Prime; title_text_align=\u00a0\u00bbcenter\u00a0\u00bb title_text_color=\u00a0\u00bbgcid-4c79ba3d-a281-4fb6-9b14-02f9a4c793f2&Prime; custom_margin=\u00a0\u00bb||0px||false|false\u00a0\u00bb global_colors_info=\u00a0\u00bb{%22gcid-4c79ba3d-a281-4fb6-9b14-02f9a4c793f2%22:%91%22title_text_color%22%93}\u00a0\u00bb][\/et_pb_heading][et_pb_heading title=\u00a0\u00bbTransformez les co\u00fbts fixes, salaires, charges, outils&#8230; en co\u00fbts variables\u00a0\u00bb _builder_version=\u00a0\u00bb4.27.4&Prime; _module_preset=\u00a0\u00bbf94883a6-a781-4baa-a2a5-57bab95d806c\u00a0\u00bb title_font=\u00a0\u00bbPoppins||||||||\u00a0\u00bb title_text_align=\u00a0\u00bbcenter\u00a0\u00bb title_text_color=\u00a0\u00bb#FFFFFF\u00a0\u00bb global_colors_info=\u00a0\u00bb{}\u00a0\u00bb][\/et_pb_heading][\/et_pb_column][\/et_pb_row][et_pb_row column_structure=\u00a0\u00bb1_3,1_3,1_3&Prime; _builder_version=\u00a0\u00bb4.25.1&Prime; _module_preset=\u00a0\u00bbdefault\u00a0\u00bb global_colors_info=\u00a0\u00bb{}\u00a0\u00bb][et_pb_column type=\u00a0\u00bb1_3&Prime; _builder_version=\u00a0\u00bb4.25.1&Prime; _module_preset=\u00a0\u00bbdefault\u00a0\u00bb global_colors_info=\u00a0\u00bb{}\u00a0\u00bb][et_pb_number_counter number=\u00a0\u00bb65 000\u20ac\u00a0\u00bb percent_sign=\u00a0\u00bboff\u00a0\u00bb _builder_version=\u00a0\u00bb4.27.5&Prime; _module_preset=\u00a0\u00bb6d1e8699-a979-486e-a437-1f2d3eb7d231&Prime; title_font=\u00a0\u00bbPoppins||||||||\u00a0\u00bb title_text_color=\u00a0\u00bb#19879F\u00a0\u00bb number_font=\u00a0\u00bbPoppins||||||||\u00a0\u00bb number_text_color=\u00a0\u00bb#19879F\u00a0\u00bb locked=\u00a0\u00bboff\u00a0\u00bb global_colors_info=\u00a0\u00bb{%22gcid-1f1b4e15-7cc6-4e13-8154-74d77a956460%22:%91%22quote_border_color%22,%22link_text_color%22,%22quote_text_color%22,%22quote_border_color%22,%22link_text_color%22,%22quote_text_color%22%93,%22gcid-d7cd5a78-aaef-4f36-82a3-4d3706015cba%22:%91%22link_text_color%22,%22link_text_color%22%93}\u00a0\u00bb][\/et_pb_number_counter][et_pb_text _builder_version=\u00a0\u00bb4.27.5&Prime; _module_preset=\u00a0\u00bb1cce7585-bfbe-4c72-872c-d0b2716a0440&Prime; header_font=\u00a0\u00bbPoppins||||||||\u00a0\u00bb text_orientation=\u00a0\u00bbcenter\u00a0\u00bb global_colors_info=\u00a0\u00bb{}\u00a0\u00bb]<\/p>\n<p>Au minimum, quand vous l&#8217;embauchez, le co\u00fbt annuel d&rsquo;<span class=\"relative -mx-px my-[-0.2rem] rounded px-px py-[0.2rem] transition-colors duration-100 ease-in-out\">un Responsable Marketing Junior s&rsquo;\u00e9l\u00e8ve \u00e0 <strong data-start=\"89\" data-end=\"101\">65 000 \u20ac\/an<\/strong>, incluant Salaire brut + Charges sociales.<\/span><\/p>\n<p>[\/et_pb_text][\/et_pb_column][et_pb_column type=\u00a0\u00bb1_3&Prime; _builder_version=\u00a0\u00bb4.25.1&Prime; _module_preset=\u00a0\u00bbdefault\u00a0\u00bb global_colors_info=\u00a0\u00bb{}\u00a0\u00bb][et_pb_number_counter number=\u00a0\u00bb70&Prime; _builder_version=\u00a0\u00bb4.27.5&Prime; _module_preset=\u00a0\u00bb6d1e8699-a979-486e-a437-1f2d3eb7d231&Prime; number_font=\u00a0\u00bbPoppins||||||||\u00a0\u00bb number_text_color=\u00a0\u00bb#D7ECE7&Prime; hover_enabled=\u00a0\u00bb0&Prime; locked=\u00a0\u00bboff\u00a0\u00bb global_colors_info=\u00a0\u00bb{%22gcid-1f1b4e15-7cc6-4e13-8154-74d77a956460%22:%91%22quote_border_color%22,%22link_text_color%22,%22quote_text_color%22,%22quote_border_color%22,%22link_text_color%22,%22quote_text_color%22%93}\u00a0\u00bb sticky_enabled=\u00a0\u00bb0&Prime;][\/et_pb_number_counter][et_pb_text _builder_version=\u00a0\u00bb4.27.5&Prime; _module_preset=\u00a0\u00bb1cce7585-bfbe-4c72-872c-d0b2716a0440&Prime; header_font=\u00a0\u00bbPoppins||||||||\u00a0\u00bb text_orientation=\u00a0\u00bbcenter\u00a0\u00bb global_colors_info=\u00a0\u00bb{}\u00a0\u00bb]<\/p>\n<p><span class=\"relative -mx-px my-[-0.2rem] rounded px-px py-[0.2rem] transition-colors duration-100 ease-in-out\"><span data-start=\"59\" data-end=\"88\">C&rsquo;est le <strong>Taux d&rsquo;Usage Maxima<\/strong>l d&rsquo;un Service internalis\u00e9. Avec l&rsquo;externalisation marketing, vous ne payez que ce que vous consommez.<\/span><\/span><\/p>\n<p>[\/et_pb_text][\/et_pb_column][et_pb_column type=\u00a0\u00bb1_3&Prime; _builder_version=\u00a0\u00bb4.25.1&Prime; _module_preset=\u00a0\u00bbdefault\u00a0\u00bb global_colors_info=\u00a0\u00bb{}\u00a0\u00bb][et_pb_number_counter number=\u00a0\u00bb5 000\u20ac\u00a0\u00bb percent_sign=\u00a0\u00bboff\u00a0\u00bb _builder_version=\u00a0\u00bb4.27.5&Prime; _module_preset=\u00a0\u00bb6d1e8699-a979-486e-a437-1f2d3eb7d231&Prime; number_font=\u00a0\u00bbPoppins||||||||\u00a0\u00bb number_text_color=\u00a0\u00bb#D5E9FD\u00a0\u00bb hover_enabled=\u00a0\u00bb0&Prime; locked=\u00a0\u00bboff\u00a0\u00bb global_colors_info=\u00a0\u00bb{%22gcid-1f1b4e15-7cc6-4e13-8154-74d77a956460%22:%91%22quote_border_color%22,%22link_text_color%22,%22quote_text_color%22,%22quote_border_color%22,%22link_text_color%22,%22quote_text_color%22,%22quote_border_color%22,%22link_text_color%22,%22quote_text_color%22%93,%22gcid-d7cd5a78-aaef-4f36-82a3-4d3706015cba%22:%91%22link_text_color%22%93}\u00a0\u00bb sticky_enabled=\u00a0\u00bb0&Prime;][\/et_pb_number_counter][et_pb_text _builder_version=\u00a0\u00bb4.27.4&Prime; _module_preset=\u00a0\u00bb1cce7585-bfbe-4c72-872c-d0b2716a0440&Prime; header_font=\u00a0\u00bbPoppins||||||||\u00a0\u00bb text_orientation=\u00a0\u00bbcenter\u00a0\u00bb global_colors_info=\u00a0\u00bb{}\u00a0\u00bb]<\/p>\n<p>Le co\u00fbt moyen d&rsquo;un recrutement en France varie entre <strong data-start=\"53\" data-end=\"75\">5 000 \u20ac et 8 000 \u20ac<\/strong>, englobant les frais li\u00e9s au processus de recrutement et \u00e0 l&rsquo;int\u00e9gration du salari\u00e9.<\/p>\n<p>[\/et_pb_text][\/et_pb_column][\/et_pb_row][\/et_pb_section][et_pb_section fb_built=\u00a0\u00bb1&Prime; admin_label=\u00a0\u00bbCall to Action\u00a0\u00bb _builder_version=\u00a0\u00bb4.25.2&Prime; _module_preset=\u00a0\u00bbaa31d9c8-1144-419e-a4c7-706113a7d4c7&Prime; use_background_color_gradient=\u00a0\u00bbon\u00a0\u00bb background_color_gradient_type=\u00a0\u00bbcircular\u00a0\u00bb background_color_gradient_direction_radial=\u00a0\u00bbtop left\u00a0\u00bb background_color_gradient_stops=\u00a0\u00bbgcid-2352d280-fe84-43b1-a71e-f400c35a526a 20%|rgba(255,255,255,0) 100%\u00a0\u00bb background_color_gradient_overlays_image=\u00a0\u00bbon\u00a0\u00bb background_image=\u00a0\u00bbhttps:\/\/www.cvs-marketing.com\/wp-content\/uploads\/2025\/05\/non-profit-01.jpg\u00a0\u00bb parallax=\u00a0\u00bbon\u00a0\u00bb custom_margin=\u00a0\u00bb||||false\u00a0\u00bb custom_padding=\u00a0\u00bb8vw||8vw||true|false\u00a0\u00bb collapsed=\u00a0\u00bbon\u00a0\u00bb global_colors_info=\u00a0\u00bb{%22gcid-2352d280-fe84-43b1-a71e-f400c35a526a%22:%91%22background_color_gradient_stops%22%93}\u00a0\u00bb][et_pb_row column_structure=\u00a0\u00bb3_4,1_4&Prime; _builder_version=\u00a0\u00bb4.25.2&Prime; _module_preset=\u00a0\u00bbdefault\u00a0\u00bb global_colors_info=\u00a0\u00bb{}\u00a0\u00bb][et_pb_column type=\u00a0\u00bb3_4&Prime; _builder_version=\u00a0\u00bb4.25.1&Prime; _module_preset=\u00a0\u00bbdefault\u00a0\u00bb global_colors_info=\u00a0\u00bb{}\u00a0\u00bb][et_pb_heading title=\u00a0\u00bbChez CVS Marketing, nous proposons des solutions marketing expertes, flexibles, sur-mesure et r\u00e9actives pour am\u00e9liorer le ROI marketing de votre Entreprise (PME, ETI ou Grand Groupe). \u00a0\u00bb _builder_version=\u00a0\u00bb4.27.4&Prime; _module_preset=\u00a0\u00bbcad6e74e-f97d-457b-be6f-bdd911a832ba\u00a0\u00bb title_text_color=\u00a0\u00bb#FFFFFF\u00a0\u00bb global_colors_info=\u00a0\u00bb{}\u00a0\u00bb][\/et_pb_heading][et_pb_button button_url=\u00a0\u00bbhttps:\/\/www.cvs-marketing.com\/contact\/\u00a0\u00bb button_text=\u00a0\u00bbContactez-nous\u00a0\u00bb _builder_version=\u00a0\u00bb4.27.4&Prime; _module_preset=\u00a0\u00bbd10c7f3a-450b-4d5c-af68-8a201f9cfb50&Prime; button_bg_color=\u00a0\u00bb#19879F\u00a0\u00bb button_font=\u00a0\u00bbPoppins|700||on|||||\u00a0\u00bb global_colors_info=\u00a0\u00bb{}\u00a0\u00bb][\/et_pb_button][\/et_pb_column][et_pb_column type=\u00a0\u00bb1_4&Prime; _builder_version=\u00a0\u00bb4.25.1&Prime; _module_preset=\u00a0\u00bbdefault\u00a0\u00bb global_colors_info=\u00a0\u00bb{}\u00a0\u00bb][\/et_pb_column][\/et_pb_row][\/et_pb_section][et_pb_section fb_built=\u00a0\u00bb1&Prime; _builder_version=\u00a0\u00bb4.27.4&Prime; _module_preset=\u00a0\u00bbdefault\u00a0\u00bb global_colors_info=\u00a0\u00bb{}\u00a0\u00bb][et_pb_row _builder_version=\u00a0\u00bb4.27.4&Prime; _module_preset=\u00a0\u00bbdefault\u00a0\u00bb global_colors_info=\u00a0\u00bb{}\u00a0\u00bb][et_pb_column type=\u00a0\u00bb4_4&Prime; _builder_version=\u00a0\u00bb4.27.4&Prime; _module_preset=\u00a0\u00bbdefault\u00a0\u00bb global_colors_info=\u00a0\u00bb{}\u00a0\u00bb][et_pb_heading title=\u00a0\u00bbUne connaissance terrain nourrie par le r\u00e9seau\u00a0\u00bb _builder_version=\u00a0\u00bb4.27.4&Prime; _module_preset=\u00a0\u00bbf94883a6-a781-4baa-a2a5-57bab95d806c\u00a0\u00bb title_font=\u00a0\u00bbPoppins||||||||\u00a0\u00bb title_text_color=\u00a0\u00bb#19879F\u00a0\u00bb title_font_size=\u00a0\u00bb34px\u00a0\u00bb global_colors_info=\u00a0\u00bb{}\u00a0\u00bb][\/et_pb_heading][et_pb_text _builder_version=\u00a0\u00bb4.27.4&Prime; _module_preset=\u00a0\u00bbdefault\u00a0\u00bb text_font=\u00a0\u00bbPoppins||||||||\u00a0\u00bb text_text_color=\u00a0\u00bb#000000&Prime; text_font_size=\u00a0\u00bb16px\u00a0\u00bb global_colors_info=\u00a0\u00bb{}\u00a0\u00bb]<\/p>\n<p data-start=\"3177\" data-end=\"3349\" class=\"\">Dans le monde B2B, l\u2019efficacit\u00e9 marketing ne repose pas uniquement sur les outils digitaux. Elle s\u2019enracine aussi dans une compr\u00e9hension fine de l\u2019\u00e9cosyst\u00e8me professionnel. C\u2019est pourquoi une agence active dans les r\u00e9seaux professionnels \u2013 syndicats, p\u00f4les de comp\u00e9titivit\u00e9, clusters, f\u00e9d\u00e9rations \u2013 b\u00e9n\u00e9ficie d\u2019une double expertise :<\/p>\n<ul data-start=\"3513\" data-end=\"3724\">\n<li data-start=\"3513\" data-end=\"3610\" class=\"\">\n<p data-start=\"3515\" data-end=\"3610\" class=\"\">Une veille permanente sur les mutations des fili\u00e8res (innovation, r\u00e9glementation, conjoncture).<\/p>\n<\/li>\n<li data-start=\"3611\" data-end=\"3724\" class=\"\">\n<p data-start=\"3613\" data-end=\"3724\" class=\"\">Une capacit\u00e9 \u00e0 positionner ses clients au bon endroit (tribunes, tables rondes, partenariats, appels d\u2019offres).<\/p>\n<\/li>\n<\/ul>\n<p data-start=\"3726\" data-end=\"3903\" class=\"\">Pour une entreprise, cela se traduit par une prise de parole l\u00e9gitime dans les bons canaux, une mont\u00e9e en notori\u00e9t\u00e9 plus rapide, et des opportunit\u00e9s de collaboration qualifi\u00e9es.<\/p>\n<p>[\/et_pb_text][\/et_pb_column][\/et_pb_row][\/et_pb_section][et_pb_section fb_built=\u00a0\u00bb1&Prime; specialty=\u00a0\u00bbon\u00a0\u00bb admin_label=\u00a0\u00bbHow You Can Help\u00a0\u00bb _builder_version=\u00a0\u00bb4.25.1&Prime; _module_preset=\u00a0\u00bbdefault\u00a0\u00bb collapsed=\u00a0\u00bbon\u00a0\u00bb global_colors_info=\u00a0\u00bb{}\u00a0\u00bb][et_pb_column type=\u00a0\u00bb1_2&Prime; _builder_version=\u00a0\u00bb4.16&Prime; _module_preset=\u00a0\u00bbdefault\u00a0\u00bb custom_padding=\u00a0\u00bb|||\u00a0\u00bb global_colors_info=\u00a0\u00bb{}\u00a0\u00bb custom_padding__hover=\u00a0\u00bb|||\u00a0\u00bb][et_pb_heading title=\u00a0\u00bbLe r\u00f4le du r\u00e9seau\u00a0\u00bb _builder_version=\u00a0\u00bb4.27.4&Prime; _module_preset=\u00a0\u00bb916167a2-b47a-4918-94b1-b1ebd9da5fd0&Prime; title_text_color=\u00a0\u00bb#19879F\u00a0\u00bb custom_margin=\u00a0\u00bb||0px||false|false\u00a0\u00bb locked=\u00a0\u00bboff\u00a0\u00bb global_colors_info=\u00a0\u00bb{}\u00a0\u00bb][\/et_pb_heading][et_pb_heading title=\u00a0\u00bbSynergies gagnantes\u00a0\u00bb _builder_version=\u00a0\u00bb4.27.4&Prime; _module_preset=\u00a0\u00bbf94883a6-a781-4baa-a2a5-57bab95d806c\u00a0\u00bb global_colors_info=\u00a0\u00bb{}\u00a0\u00bb][\/et_pb_heading][et_pb_blurb title=\u00a0\u00bbPartager les savoirs\u00a0\u00bb use_icon=\u00a0\u00bbon\u00a0\u00bb font_icon=\u00a0\u00bb&#x52;||divi||400&Prime; icon_color=\u00a0\u00bb#19879F\u00a0\u00bb _builder_version=\u00a0\u00bb4.27.4&Prime; _module_preset=\u00a0\u00bb074a4241-5996-44f8-a021-3c3de9fba62c\u00a0\u00bb header_font=\u00a0\u00bbPoppins|&#8211;et_global_heading_font_weight|||||||\u00a0\u00bb header_text_color=\u00a0\u00bb#19879F\u00a0\u00bb body_font=\u00a0\u00bbPoppins||||||||\u00a0\u00bb body_text_color=\u00a0\u00bb#000000&Prime; header_font_size_tablet=\u00a0\u00bb\u00a0\u00bb header_font_size_phone=\u00a0\u00bb\u00a0\u00bb header_font_size_last_edited=\u00a0\u00bbon|phone\u00a0\u00bb global_colors_info=\u00a0\u00bb{%22gcid-1f1b4e15-7cc6-4e13-8154-74d77a956460%22:%91%22link_text_color%22,%22quote_text_color%22,%22quote_border_color%22%93,%22gcid-d7cd5a78-aaef-4f36-82a3-4d3706015cba%22:%91%22link_text_color%22%93}\u00a0\u00bb]<\/p>\n<p>Cultiver une culture d&rsquo;ouverture et de transparence, en prot\u00e9geant les int\u00e9r\u00eats.<\/p>\n<p>[\/et_pb_blurb][et_pb_blurb title=\u00a0\u00bbMutualiser les opportunit\u00e9s\u00a0\u00bb use_icon=\u00a0\u00bbon\u00a0\u00bb font_icon=\u00a0\u00bb&#x52;||divi||400&Prime; icon_color=\u00a0\u00bb#19879F\u00a0\u00bb _builder_version=\u00a0\u00bb4.27.4&Prime; _module_preset=\u00a0\u00bb074a4241-5996-44f8-a021-3c3de9fba62c\u00a0\u00bb header_font=\u00a0\u00bbPoppins||||||||\u00a0\u00bb header_text_color=\u00a0\u00bb#19879F\u00a0\u00bb body_font=\u00a0\u00bbPoppins||||||||\u00a0\u00bb body_text_color=\u00a0\u00bb#000000&Prime; global_colors_info=\u00a0\u00bb{%22gcid-1f1b4e15-7cc6-4e13-8154-74d77a956460%22:%91%22link_text_color%22,%22quote_text_color%22,%22quote_border_color%22%93,%22gcid-d7cd5a78-aaef-4f36-82a3-4d3706015cba%22:%91%22link_text_color%22%93}\u00a0\u00bb]<\/p>\n<p>Faciliter les \u00e9changes entre le r\u00e9seau et cr\u00e9er des situations gagnant-gagnant.<\/p>\n<p>[\/et_pb_blurb][et_pb_blurb title=\u00a0\u00bbGrandir ensemble\u00a0\u00bb use_icon=\u00a0\u00bbon\u00a0\u00bb font_icon=\u00a0\u00bb&#x52;||divi||400&Prime; icon_color=\u00a0\u00bb#19879F\u00a0\u00bb _builder_version=\u00a0\u00bb4.27.4&Prime; _module_preset=\u00a0\u00bb074a4241-5996-44f8-a021-3c3de9fba62c\u00a0\u00bb header_font=\u00a0\u00bbPoppins||||||||\u00a0\u00bb header_text_color=\u00a0\u00bb#19879F\u00a0\u00bb body_font=\u00a0\u00bbPoppins||||||||\u00a0\u00bb body_text_color=\u00a0\u00bb#000000&Prime; global_colors_info=\u00a0\u00bb{%22gcid-1f1b4e15-7cc6-4e13-8154-74d77a956460%22:%91%22link_text_color%22,%22quote_text_color%22,%22quote_border_color%22%93,%22gcid-d7cd5a78-aaef-4f36-82a3-4d3706015cba%22:%91%22link_text_color%22%93}\u00a0\u00bb]<\/p>\n<p>Mettre en action la force du collectif et des relations saines pour cro\u00eetre durablement.<\/p>\n<p>[\/et_pb_blurb][et_pb_button button_url=\u00a0\u00bbhttps:\/\/www.cvs-marketing.com\/nos-realisations\/\u00a0\u00bb button_text=\u00a0\u00bbD\u00e9couvrez nos projets\u00a0\u00bb _builder_version=\u00a0\u00bb4.27.5&Prime; _module_preset=\u00a0\u00bbd10c7f3a-450b-4d5c-af68-8a201f9cfb50&Prime; button_bg_color=\u00a0\u00bb#19879F\u00a0\u00bb button_font=\u00a0\u00bbPoppins|700||on|||||\u00a0\u00bb global_colors_info=\u00a0\u00bb{}\u00a0\u00bb][\/et_pb_button][\/et_pb_column][et_pb_column type=\u00a0\u00bb1_2&Prime; specialty_columns=\u00a0\u00bb2&Prime; _builder_version=\u00a0\u00bb4.16&Prime; _module_preset=\u00a0\u00bbdefault\u00a0\u00bb custom_padding=\u00a0\u00bb|||\u00a0\u00bb global_colors_info=\u00a0\u00bb{}\u00a0\u00bb custom_padding__hover=\u00a0\u00bb|||\u00a0\u00bb][et_pb_row_inner column_structure=\u00a0\u00bb1_2,1_2&Prime; use_custom_gutter=\u00a0\u00bbon\u00a0\u00bb gutter_width=\u00a0\u00bb2&Prime; _builder_version=\u00a0\u00bb4.25.1&Prime; _module_preset=\u00a0\u00bbdefault\u00a0\u00bb global_colors_info=\u00a0\u00bb{}\u00a0\u00bb][et_pb_column_inner type=\u00a0\u00bb1_2&Prime; saved_specialty_column_type=\u00a0\u00bb1_2&Prime; _builder_version=\u00a0\u00bb4.25.1&Prime; _module_preset=\u00a0\u00bbdefault\u00a0\u00bb global_colors_info=\u00a0\u00bb{}\u00a0\u00bb][et_pb_image src=\u00a0\u00bbhttps:\/\/www.cvs-marketing.com\/wp-content\/uploads\/2025\/05\/2-e1746300853817.png\u00a0\u00bb title_text=\u00a0\u00bb2&Prime; _builder_version=\u00a0\u00bb4.27.4&Prime; _module_preset=\u00a0\u00bbb06ff107-af3a-4fc9-8be3-387a8b76f7e6&Prime; global_colors_info=\u00a0\u00bb{}\u00a0\u00bb][\/et_pb_image][et_pb_image src=\u00a0\u00bbhttps:\/\/www.cvs-marketing.com\/wp-content\/uploads\/2025\/05\/non-profit-16.jpg\u00a0\u00bb title_text=\u00a0\u00bbnon-profit-16&Prime; _builder_version=\u00a0\u00bb4.27.4&Prime; _module_preset=\u00a0\u00bbb06ff107-af3a-4fc9-8be3-387a8b76f7e6&Prime; custom_margin=\u00a0\u00bb30px||||false|false\u00a0\u00bb custom_margin_last_edited=\u00a0\u00bboff|phone\u00a0\u00bb global_colors_info=\u00a0\u00bb{}\u00a0\u00bb][\/et_pb_image][\/et_pb_column_inner][et_pb_column_inner type=\u00a0\u00bb1_2&Prime; saved_specialty_column_type=\u00a0\u00bb1_2&Prime; _builder_version=\u00a0\u00bb4.25.1&Prime; _module_preset=\u00a0\u00bbdefault\u00a0\u00bb global_colors_info=\u00a0\u00bb{}\u00a0\u00bb][et_pb_image src=\u00a0\u00bbhttps:\/\/www.cvs-marketing.com\/wp-content\/uploads\/2025\/05\/3.png\u00a0\u00bb title_text=\u00a0\u00bb3&Prime; _builder_version=\u00a0\u00bb4.27.4&Prime; _module_preset=\u00a0\u00bbb06ff107-af3a-4fc9-8be3-387a8b76f7e6&Prime; locked=\u00a0\u00bboff\u00a0\u00bb global_colors_info=\u00a0\u00bb{}\u00a0\u00bb][\/et_pb_image][et_pb_image src=\u00a0\u00bbhttps:\/\/www.cvs-marketing.com\/wp-content\/uploads\/2025\/02\/marketingetventes.webp\u00a0\u00bb alt=\u00a0\u00bbconseil en strat\u00e9gie-marketing\u00a0\u00bb title_text=\u00a0\u00bbconseil en strat\u00e9gie-marketing\u00a0\u00bb _builder_version=\u00a0\u00bb4.27.4&Prime; _module_preset=\u00a0\u00bbb06ff107-af3a-4fc9-8be3-387a8b76f7e6&Prime; custom_margin=\u00a0\u00bb30px||||false|false\u00a0\u00bb locked=\u00a0\u00bboff\u00a0\u00bb global_colors_info=\u00a0\u00bb{}\u00a0\u00bb][\/et_pb_image][\/et_pb_column_inner][\/et_pb_row_inner][\/et_pb_column][\/et_pb_section][et_pb_section fb_built=\u00a0\u00bb1&Prime; _builder_version=\u00a0\u00bb4.27.5&Prime; _module_preset=\u00a0\u00bbdefault\u00a0\u00bb hover_enabled=\u00a0\u00bb0&Prime; global_colors_info=\u00a0\u00bb{}\u00a0\u00bb background_color=\u00a0\u00bb#D7ECE7&Prime; sticky_enabled=\u00a0\u00bb0&Prime;][et_pb_row _builder_version=\u00a0\u00bb4.27.4&Prime; _module_preset=\u00a0\u00bbdefault\u00a0\u00bb global_colors_info=\u00a0\u00bb{}\u00a0\u00bb][et_pb_column type=\u00a0\u00bb4_4&Prime; _builder_version=\u00a0\u00bb4.27.4&Prime; _module_preset=\u00a0\u00bbdefault\u00a0\u00bb global_colors_info=\u00a0\u00bb{}\u00a0\u00bb][et_pb_heading title=\u00a0\u00bbDes strat\u00e9gies de notori\u00e9t\u00e9 cibl\u00e9es, g\u00e9n\u00e9ratrices de cr\u00e9dibilit\u00e9\u00a0\u00bb _builder_version=\u00a0\u00bb4.27.4&Prime; _module_preset=\u00a0\u00bbf94883a6-a781-4baa-a2a5-57bab95d806c\u00a0\u00bb title_font=\u00a0\u00bbPoppins||||||||\u00a0\u00bb title_text_color=\u00a0\u00bb#19879F\u00a0\u00bb title_font_size=\u00a0\u00bb34px\u00a0\u00bb global_colors_info=\u00a0\u00bb{}\u00a0\u00bb][\/et_pb_heading][et_pb_text _builder_version=\u00a0\u00bb4.27.4&Prime; _module_preset=\u00a0\u00bbdefault\u00a0\u00bb text_font=\u00a0\u00bbPoppins||||||||\u00a0\u00bb text_text_color=\u00a0\u00bb#000000&Prime; text_font_size=\u00a0\u00bb16px\u00a0\u00bb global_colors_info=\u00a0\u00bb{}\u00a0\u00bb]<\/p>\n<p data-start=\"3982\" data-end=\"4218\" class=\"\">Dans les secteurs industriels ou techniques, la notori\u00e9t\u00e9 est rarement une question de \u201clikes\u201d. Elle repose sur la reconnaissance par les pairs, la solidit\u00e9 des r\u00e9f\u00e9rences clients et la capacit\u00e9 \u00e0 d\u00e9montrer une expertise diff\u00e9renciante. Une agence B2B va ainsi activer des leviers sp\u00e9cifiques :<\/p>\n<ul data-start=\"4279\" data-end=\"4602\">\n<li data-start=\"4279\" data-end=\"4382\" class=\"\">\n<p data-start=\"4281\" data-end=\"4382\" class=\"\">Production de contenus techniques : livres blancs, guides pratiques, fiches expertise, \u00e9tudes de cas.<\/p>\n<\/li>\n<li data-start=\"4383\" data-end=\"4491\" class=\"\">\n<p data-start=\"4385\" data-end=\"4491\" class=\"\">Relations presse sp\u00e9cialis\u00e9es : pr\u00e9sence dans les m\u00e9dias m\u00e9tier, interviews, communiqu\u00e9s orient\u00e9s secteur.<\/p>\n<\/li>\n<li data-start=\"4492\" data-end=\"4602\" class=\"\">\n<p data-start=\"4494\" data-end=\"4602\" class=\"\">Animation d\u2019\u00e9v\u00e9nements : webinaires professionnels, participation \u00e0 des salons, organisation de conf\u00e9rences.<\/p>\n<\/li>\n<\/ul>\n<p data-start=\"4604\" data-end=\"4766\" class=\"\">L\u2019objectif est clair : faire en sorte que vos prospects vous identifient comme un acteur de r\u00e9f\u00e9rence dans votre domaine, bien avant m\u00eame d\u2019\u00eatre en phase d\u2019achat.<\/p>\n<p>[\/et_pb_text][\/et_pb_column][\/et_pb_row][\/et_pb_section][et_pb_section fb_built=\u00a0\u00bb1&Prime; admin_label=\u00a0\u00bbBlog\u00a0\u00bb _builder_version=\u00a0\u00bb4.25.1&Prime; _module_preset=\u00a0\u00bbaa31d9c8-1144-419e-a4c7-706113a7d4c7&Prime; collapsed=\u00a0\u00bbon\u00a0\u00bb global_colors_info=\u00a0\u00bb{}\u00a0\u00bb][et_pb_row column_structure=\u00a0\u00bb3_5,2_5&Prime; _builder_version=\u00a0\u00bb4.25.1&Prime; _module_preset=\u00a0\u00bbdefault\u00a0\u00bb locked=\u00a0\u00bboff\u00a0\u00bb global_colors_info=\u00a0\u00bb{}\u00a0\u00bb][et_pb_column type=\u00a0\u00bb3_5&Prime; _builder_version=\u00a0\u00bb4.25.1&Prime; _module_preset=\u00a0\u00bbdefault\u00a0\u00bb global_colors_info=\u00a0\u00bb{}\u00a0\u00bb][et_pb_heading title=\u00a0\u00bbse positionner en expert\u00a0\u00bb _builder_version=\u00a0\u00bb4.27.4&Prime; _module_preset=\u00a0\u00bb916167a2-b47a-4918-94b1-b1ebd9da5fd0&Prime; title_text_color=\u00a0\u00bb#19879F\u00a0\u00bb custom_margin=\u00a0\u00bb||0px||false|false\u00a0\u00bb global_colors_info=\u00a0\u00bb{}\u00a0\u00bb][\/et_pb_heading][et_pb_heading title=\u00a0\u00bbEtudes de cas\u00a0\u00bb _builder_version=\u00a0\u00bb4.27.4&Prime; _module_preset=\u00a0\u00bbf94883a6-a781-4baa-a2a5-57bab95d806c\u00a0\u00bb title_font=\u00a0\u00bbPoppins||||||||\u00a0\u00bb global_colors_info=\u00a0\u00bb{}\u00a0\u00bb][\/et_pb_heading][\/et_pb_column][et_pb_column type=\u00a0\u00bb2_5&Prime; _builder_version=\u00a0\u00bb4.25.1&Prime; _module_preset=\u00a0\u00bbdefault\u00a0\u00bb global_colors_info=\u00a0\u00bb{}\u00a0\u00bb][et_pb_button button_url=\u00a0\u00bbhttps:\/\/www.cvs-marketing.com\/etudes-de-cas\u00a0\u00bb button_text=\u00a0\u00bbD\u00e9couvrez les n\u00f4tres\u00a0\u00bb button_alignment=\u00a0\u00bbright\u00a0\u00bb button_alignment_tablet=\u00a0\u00bbleft\u00a0\u00bb button_alignment_phone=\u00a0\u00bbleft\u00a0\u00bb button_alignment_last_edited=\u00a0\u00bbon|tablet\u00a0\u00bb _builder_version=\u00a0\u00bb4.27.5&Prime; _module_preset=\u00a0\u00bbd10c7f3a-450b-4d5c-af68-8a201f9cfb50&Prime; button_bg_color=\u00a0\u00bb#19879F\u00a0\u00bb button_font=\u00a0\u00bbPoppins|700||on|||||\u00a0\u00bb global_colors_info=\u00a0\u00bb{}\u00a0\u00bb][\/et_pb_button][\/et_pb_column][\/et_pb_row][et_pb_row _builder_version=\u00a0\u00bb4.25.1&Prime; _module_preset=\u00a0\u00bbdefault\u00a0\u00bb global_colors_info=\u00a0\u00bb{}\u00a0\u00bb][et_pb_column type=\u00a0\u00bb4_4&Prime; _builder_version=\u00a0\u00bb4.25.1&Prime; _module_preset=\u00a0\u00bbdefault\u00a0\u00bb global_colors_info=\u00a0\u00bb{}\u00a0\u00bb][et_pb_text _builder_version=\u00a0\u00bb4.27.4&Prime; _module_preset=\u00a0\u00bbdefault\u00a0\u00bb text_font=\u00a0\u00bbPoppins||||||||\u00a0\u00bb text_text_color=\u00a0\u00bb#000000&Prime; text_font_size=\u00a0\u00bb16px\u00a0\u00bb global_colors_info=\u00a0\u00bb{}\u00a0\u00bb]<\/p>\n<p>Les \u00e9tudes de cas, fiches applications sectorielles, business case nourris vous positionnent en expert du march\u00e9 et marquent les esprits de vos prospects. La preuve du r\u00e9sultat et la recommandation client sont votre meilleure publicit\u00e9.<\/p>\n<p>[\/et_pb_text][\/et_pb_column][\/et_pb_row][\/et_pb_section][et_pb_section fb_built=\u00a0\u00bb1&Prime; _builder_version=\u00a0\u00bb4.27.4&Prime; _module_preset=\u00a0\u00bbdefault\u00a0\u00bb global_colors_info=\u00a0\u00bb{}\u00a0\u00bb][et_pb_row _builder_version=\u00a0\u00bb4.27.4&Prime; _module_preset=\u00a0\u00bbdefault\u00a0\u00bb global_colors_info=\u00a0\u00bb{}\u00a0\u00bb][et_pb_column type=\u00a0\u00bb4_4&Prime; _builder_version=\u00a0\u00bb4.27.4&Prime; _module_preset=\u00a0\u00bbdefault\u00a0\u00bb global_colors_info=\u00a0\u00bb{}\u00a0\u00bb][et_pb_heading title=\u00a0\u00bbDes actions mesurables, pilot\u00e9es par les r\u00e9sultats\u00a0\u00bb _builder_version=\u00a0\u00bb4.27.4&Prime; _module_preset=\u00a0\u00bbf94883a6-a781-4baa-a2a5-57bab95d806c\u00a0\u00bb title_font=\u00a0\u00bbPoppins||||||||\u00a0\u00bb title_text_color=\u00a0\u00bb#19879F\u00a0\u00bb title_font_size=\u00a0\u00bb34px\u00a0\u00bb global_colors_info=\u00a0\u00bb{}\u00a0\u00bb][\/et_pb_heading][et_pb_text _builder_version=\u00a0\u00bb4.27.4&Prime; _module_preset=\u00a0\u00bbdefault\u00a0\u00bb text_text_color=\u00a0\u00bb#000000&Prime; text_font_size=\u00a0\u00bb16px\u00a0\u00bb global_colors_info=\u00a0\u00bb{}\u00a0\u00bb]<\/p>\n<p data-start=\"4831\" data-end=\"5006\" class=\"\">Dans un univers o\u00f9 les budgets doivent justifier leur ROI, une strat\u00e9gie marketing ne peut \u00eatre performante que si elle repose sur des indicateurs clairs, suivis et optimis\u00e9s. Une agence B2B exp\u00e9riment\u00e9e permet :<\/p>\n<ul data-start=\"5051\" data-end=\"5486\">\n<li data-start=\"5051\" data-end=\"5181\" class=\"\">\n<p data-start=\"5053\" data-end=\"5181\" class=\"\">De fixer des objectifs marketing align\u00e9s sur vos priorit\u00e9s commerciales (nombre de leads, trafic qualifi\u00e9, taux de conversion).<\/p>\n<\/li>\n<li data-start=\"5182\" data-end=\"5265\" class=\"\">\n<p data-start=\"5184\" data-end=\"5265\" class=\"\">De suivre les performances en temps r\u00e9el gr\u00e2ce \u00e0 des outils de reporting adapt\u00e9s.<\/p>\n<\/li>\n<li data-start=\"5266\" data-end=\"5385\" class=\"\">\n<p data-start=\"5268\" data-end=\"5385\" class=\"\">D\u2019optimiser les campagnes en continu sur la base de donn\u00e9es fiables (A\/B tests, taux d\u2019ouverture, qualit\u00e9 des leads).<\/p>\n<\/li>\n<li data-start=\"5386\" data-end=\"5486\" class=\"\">\n<p data-start=\"5388\" data-end=\"5486\" class=\"\">De nourrir votre CRM avec des contacts plus engag\u00e9s, mieux qualifi\u00e9s, plus proches de la d\u00e9cision.<\/p>\n<\/li>\n<\/ul>\n<p data-start=\"5488\" data-end=\"5612\" class=\"\">Concr\u00e8tement, cela signifie un pilotage marketing pr\u00e9cis, orient\u00e9 business, au service de la croissance de votre entreprise.<\/p>\n<p>[\/et_pb_text][\/et_pb_column][\/et_pb_row][et_pb_row _builder_version=\u00a0\u00bb4.27.4&Prime; _module_preset=\u00a0\u00bbdefault\u00a0\u00bb global_colors_info=\u00a0\u00bb{}\u00a0\u00bb][et_pb_column type=\u00a0\u00bb4_4&Prime; _builder_version=\u00a0\u00bb4.27.4&Prime; _module_preset=\u00a0\u00bbdefault\u00a0\u00bb global_colors_info=\u00a0\u00bb{}\u00a0\u00bb][et_pb_heading title=\u00a0\u00bbUne couverture nationale et europ\u00e9enne, adapt\u00e9e aux ambitions des PME et ETI\u00a0\u00bb _builder_version=\u00a0\u00bb4.27.4&Prime; _module_preset=\u00a0\u00bbf94883a6-a781-4baa-a2a5-57bab95d806c\u00a0\u00bb title_font=\u00a0\u00bbPoppins||||||||\u00a0\u00bb title_text_color=\u00a0\u00bb#19879F\u00a0\u00bb title_font_size=\u00a0\u00bb34px\u00a0\u00bb global_colors_info=\u00a0\u00bb{}\u00a0\u00bb][\/et_pb_heading][et_pb_text _builder_version=\u00a0\u00bb4.27.4&Prime; _module_preset=\u00a0\u00bbdefault\u00a0\u00bb text_font=\u00a0\u00bbPoppins||||||||\u00a0\u00bb text_text_color=\u00a0\u00bb#000000&Prime; text_font_size=\u00a0\u00bb16px\u00a0\u00bb global_colors_info=\u00a0\u00bb{}\u00a0\u00bb]<\/p>\n<p data-start=\"5703\" data-end=\"5897\" class=\"\">Enfin, le d\u00e9veloppement d\u2019une entreprise industrielle ne se limite plus \u00e0 sa r\u00e9gion d\u2019origine. Nombre de PME ou d\u2019ETI souhaitent structurer leur pr\u00e9sence \u00e0 l\u2019\u00e9chelle nationale, voire europ\u00e9enne. Une agence comme CVS Marketing propose un accompagnement adapt\u00e9 \u00e0 cette dynamique :<\/p>\n<ul data-start=\"5984\" data-end=\"6222\">\n<li data-start=\"5984\" data-end=\"6025\" class=\"\">\n<p data-start=\"5986\" data-end=\"6025\" class=\"\">D\u00e9ploiement de strat\u00e9gies multilingues.<\/p>\n<\/li>\n<li data-start=\"6026\" data-end=\"6107\" class=\"\">\n<p data-start=\"6028\" data-end=\"6107\" class=\"\">Prise en compte des sp\u00e9cificit\u00e9s culturelles dans les messages et les contenus.<\/p>\n<\/li>\n<li data-start=\"6108\" data-end=\"6222\" class=\"\">\n<p data-start=\"6110\" data-end=\"6222\" class=\"\">Coordination d\u2019actions sur plusieurs march\u00e9s (par exemple : visibilit\u00e9 salon France + campagne digitale Europe).<\/p>\n<\/li>\n<\/ul>\n<p data-start=\"6224\" data-end=\"6368\" class=\"\">L\u2019avantage est de pouvoir d\u00e9ployer une strat\u00e9gie marketing coh\u00e9rente \u00e0 l\u2019\u00e9chelle de vos ambitions, sans recruter ni multiplier les prestataires.<\/p>\n<p>[\/et_pb_text][\/et_pb_column][\/et_pb_row][et_pb_row _builder_version=\u00a0\u00bb4.27.4&Prime; _module_preset=\u00a0\u00bbdefault\u00a0\u00bb global_colors_info=\u00a0\u00bb{}\u00a0\u00bb][et_pb_column type=\u00a0\u00bb4_4&Prime; _builder_version=\u00a0\u00bb4.27.4&Prime; _module_preset=\u00a0\u00bbdefault\u00a0\u00bb global_colors_info=\u00a0\u00bb{}\u00a0\u00bb][et_pb_heading title=\u00a0\u00bbEn conclusion\u00a0\u00bb _builder_version=\u00a0\u00bb4.27.4&Prime; _module_preset=\u00a0\u00bb916167a2-b47a-4918-94b1-b1ebd9da5fd0&Prime; title_text_color=\u00a0\u00bb#19879F\u00a0\u00bb custom_margin=\u00a0\u00bb||0px||false|false\u00a0\u00bb global_colors_info=\u00a0\u00bb{}\u00a0\u00bb][\/et_pb_heading][et_pb_heading title=\u00a0\u00bbUne approche marketing \u00e0 haute valeur ajout\u00e9e pour l&rsquo;industrie\u00a0\u00bb _builder_version=\u00a0\u00bb4.27.4&Prime; _module_preset=\u00a0\u00bbf94883a6-a781-4baa-a2a5-57bab95d806c\u00a0\u00bb title_font=\u00a0\u00bbPoppins||||||||\u00a0\u00bb global_colors_info=\u00a0\u00bb{}\u00a0\u00bb][\/et_pb_heading][et_pb_text _builder_version=\u00a0\u00bb4.27.4&Prime; _module_preset=\u00a0\u00bbdefault\u00a0\u00bb text_font=\u00a0\u00bbPoppins||||||||\u00a0\u00bb text_text_color=\u00a0\u00bb#000000&Prime; text_font_size=\u00a0\u00bb16px\u00a0\u00bb global_colors_info=\u00a0\u00bb{}\u00a0\u00bb]<\/p>\n<p data-start=\"6458\" data-end=\"6705\" class=\"\">Dans cet article, nous avons d\u00e9taill\u00e9 les six piliers de l&rsquo;approche marketing bas\u00e9e sur la performance, illustrant les b\u00e9n\u00e9fices concrets qu\u2019une entreprise B2B peut tirer d\u2019une collaboration avec une agence marketing experte de son environnement. En effet, le marketing B2B ne pourra jamais se r\u00e9sumer \u00e0 une pr\u00e9sence sur LinkedIn ou \u00e0 la cr\u00e9ation d\u2019un site vitrine. Il exige une compr\u00e9hension des cycles d\u2019achat complexes, une rigueur op\u00e9rationnelle et une capacit\u00e9 \u00e0 produire des contenus \u00e0 forte valeur ajout\u00e9e.<\/p>\n<p data-start=\"6707\" data-end=\"6914\" class=\"\">En confiant leur strat\u00e9gie marketing \u00e0 une agence sp\u00e9cialis\u00e9e comme CVS Marketing, les entreprises industrielles, techniques ou scientifiques s\u2019offrent un levier de performance concret, mesurable et durable.<\/p>\n<p data-start=\"6916\" data-end=\"7103\" class=\"\">Elles gagnent du temps, montent en cr\u00e9dibilit\u00e9, structurent leur pr\u00e9sence, nourrissent leurs commerciaux en leads qualifi\u00e9s, et d\u00e9veloppent leur chiffre d\u2019affaires dans un cadre ma\u00eetris\u00e9.<\/p>\n<p>[\/et_pb_text][\/et_pb_column][\/et_pb_row][\/et_pb_section][et_pb_section fb_built=\u00a0\u00bb1&Prime; admin_label=\u00a0\u00bbCall to Action\u00a0\u00bb _builder_version=\u00a0\u00bb4.25.2&Prime; _module_preset=\u00a0\u00bb01826e65-8d16-4351-8457-68b47bb58cf3&Prime; custom_margin=\u00a0\u00bb||||false\u00a0\u00bb custom_padding=\u00a0\u00bb5vw||5vw||true|false\u00a0\u00bb locked=\u00a0\u00bboff\u00a0\u00bb collapsed=\u00a0\u00bbon\u00a0\u00bb global_colors_info=\u00a0\u00bb{}\u00a0\u00bb][et_pb_row _builder_version=\u00a0\u00bb4.25.2&Prime; _module_preset=\u00a0\u00bbdefault\u00a0\u00bb global_colors_info=\u00a0\u00bb{}\u00a0\u00bb][et_pb_column type=\u00a0\u00bb4_4&Prime; _builder_version=\u00a0\u00bb4.25.1&Prime; _module_preset=\u00a0\u00bbdefault\u00a0\u00bb global_colors_info=\u00a0\u00bb{}\u00a0\u00bb][et_pb_heading title=\u00a0\u00bbEngagez une d\u00e9marche marketing professionnelle, dans un cadre ma\u00eetris\u00e9.\u00a0\u00bb _builder_version=\u00a0\u00bb4.27.4&Prime; _module_preset=\u00a0\u00bbf94883a6-a781-4baa-a2a5-57bab95d806c\u00a0\u00bb title_font=\u00a0\u00bbPoppins||||||||\u00a0\u00bb title_text_align=\u00a0\u00bbcenter\u00a0\u00bb global_colors_info=\u00a0\u00bb{}\u00a0\u00bb][\/et_pb_heading][et_pb_button button_url=\u00a0\u00bbhttps:\/\/www.cvs-marketing.com\/contact\/\u00a0\u00bb button_text=\u00a0\u00bbContactez-nous\u00a0\u00bb button_alignment=\u00a0\u00bbcenter\u00a0\u00bb _builder_version=\u00a0\u00bb4.27.4&Prime; _module_preset=\u00a0\u00bbd10c7f3a-450b-4d5c-af68-8a201f9cfb50&Prime; button_bg_color=\u00a0\u00bb#19879F\u00a0\u00bb button_font=\u00a0\u00bbPoppins|700||on|||||\u00a0\u00bb global_colors_info=\u00a0\u00bb{}\u00a0\u00bb][\/et_pb_button][\/et_pb_column][\/et_pb_row][\/et_pb_section]<\/p>\n","protected":false},"excerpt":{"rendered":"<p>Dans un environnement concurrentiel en constante \u00e9volution, les PME B2B doivent redoubler d&rsquo;efforts pour capter l&rsquo;attention de leurs prospects, se diff\u00e9rencier et g\u00e9n\u00e9rer des leads qualifi\u00e9s. Pourtant, beaucoup de petites et moyennes entreprises peinent \u00e0 structurer une strat\u00e9gie marketing efficace, par manque de temps, de ressources ou d\u2019expertise.Faire appel \u00e0 une agence sp\u00e9cialis\u00e9e ou \u00e0 [&hellip;]<\/p>\n","protected":false},"author":3,"featured_media":0,"comment_status":"closed","ping_status":"closed","sticky":false,"template":"","format":"standard","meta":{"_et_pb_use_builder":"on","_et_pb_old_content":"","_et_gb_content_width":"2880","inline_featured_image":false,"footnotes":""},"categories":[28],"tags":[],"class_list":["post-3954","post","type-post","status-publish","format-standard","hentry","category-strategie-positionnement-b2b"],"yoast_head":"<!-- This site is optimized with the Yoast SEO plugin v27.5 - https:\/\/yoast.com\/product\/yoast-seo-wordpress\/ -->\n<title>Pourquoi externaliser son marketing B2B : 7 avantages concrets pour votre PME - CVS Marketing - Agence Conseil en Marketing BtoB<\/title>\n<meta name=\"robots\" content=\"index, follow, max-snippet:-1, max-image-preview:large, max-video-preview:-1\" \/>\n<link rel=\"canonical\" href=\"https:\/\/www.cvs-marketing.com\/en\/why-outsource-your-b2b-marketing-7-concrete-benefits-for-your-sme\/\" \/>\n<meta property=\"og:locale\" content=\"en_GB\" \/>\n<meta property=\"og:type\" content=\"article\" \/>\n<meta property=\"og:title\" content=\"Pourquoi externaliser son marketing B2B : 7 avantages concrets pour votre PME - CVS Marketing - Agence Conseil en Marketing BtoB\" \/>\n<meta property=\"og:description\" content=\"Dans un environnement concurrentiel en constante \u00e9volution, les PME B2B doivent redoubler d&#039;efforts pour capter l&#039;attention de leurs prospects, se diff\u00e9rencier et g\u00e9n\u00e9rer des leads qualifi\u00e9s. Pourtant, beaucoup de petites et moyennes entreprises peinent \u00e0 structurer une strat\u00e9gie marketing efficace, par manque de temps, de ressources ou d\u2019expertise.Faire appel \u00e0 une agence sp\u00e9cialis\u00e9e ou \u00e0 [&hellip;]\" \/>\n<meta property=\"og:url\" content=\"https:\/\/www.cvs-marketing.com\/en\/why-outsource-your-b2b-marketing-7-concrete-benefits-for-your-sme\/\" \/>\n<meta property=\"og:site_name\" content=\"CVS Marketing - Agence Conseil en Marketing BtoB\" \/>\n<meta property=\"article:publisher\" content=\"https:\/\/www.facebook.com\/agencecvsmarketing\" \/>\n<meta property=\"article:published_time\" content=\"2025-06-03T09:58:22+00:00\" \/>\n<meta property=\"article:modified_time\" content=\"2025-12-14T14:36:39+00:00\" \/>\n<meta name=\"author\" content=\"C.Valentin Soupin\" \/>\n<meta name=\"twitter:card\" content=\"summary_large_image\" \/>\n<meta name=\"twitter:label1\" content=\"Written by\" \/>\n\t<meta name=\"twitter:data1\" content=\"C.Valentin Soupin\" \/>\n\t<meta name=\"twitter:label2\" content=\"Estimated reading time\" \/>\n\t<meta name=\"twitter:data2\" content=\"10 minutes\" \/>\n<script type=\"application\/ld+json\" class=\"yoast-schema-graph\">{\"@context\":\"https:\\\/\\\/schema.org\",\"@graph\":[{\"@type\":\"Article\",\"@id\":\"https:\\\/\\\/www.cvs-marketing.com\\\/pourquoi-externaliser-son-marketing-b2b-7-avantages-concrets-pour-votre-pme\\\/#article\",\"isPartOf\":{\"@id\":\"https:\\\/\\\/www.cvs-marketing.com\\\/pourquoi-externaliser-son-marketing-b2b-7-avantages-concrets-pour-votre-pme\\\/\"},\"author\":{\"name\":\"C.Valentin Soupin\",\"@id\":\"https:\\\/\\\/www.cvs-marketing.com\\\/#\\\/schema\\\/person\\\/ad66a0ed59c3f291d7d666fb1401058d\"},\"headline\":\"Pourquoi externaliser son marketing B2B : 7 avantages concrets pour votre PME\",\"datePublished\":\"2025-06-03T09:58:22+00:00\",\"dateModified\":\"2025-12-14T14:36:39+00:00\",\"mainEntityOfPage\":{\"@id\":\"https:\\\/\\\/www.cvs-marketing.com\\\/pourquoi-externaliser-son-marketing-b2b-7-avantages-concrets-pour-votre-pme\\\/\"},\"wordCount\":5231,\"publisher\":{\"@id\":\"https:\\\/\\\/www.cvs-marketing.com\\\/#organization\"},\"articleSection\":[\"Strat\u00e9gie &amp; Positionnement B2B\"],\"inLanguage\":\"en-GB\"},{\"@type\":\"WebPage\",\"@id\":\"https:\\\/\\\/www.cvs-marketing.com\\\/pourquoi-externaliser-son-marketing-b2b-7-avantages-concrets-pour-votre-pme\\\/\",\"url\":\"https:\\\/\\\/www.cvs-marketing.com\\\/pourquoi-externaliser-son-marketing-b2b-7-avantages-concrets-pour-votre-pme\\\/\",\"name\":\"Pourquoi externaliser son marketing B2B : 7 avantages concrets pour votre PME - CVS Marketing - Agence Conseil en Marketing BtoB\",\"isPartOf\":{\"@id\":\"https:\\\/\\\/www.cvs-marketing.com\\\/#website\"},\"datePublished\":\"2025-06-03T09:58:22+00:00\",\"dateModified\":\"2025-12-14T14:36:39+00:00\",\"breadcrumb\":{\"@id\":\"https:\\\/\\\/www.cvs-marketing.com\\\/pourquoi-externaliser-son-marketing-b2b-7-avantages-concrets-pour-votre-pme\\\/#breadcrumb\"},\"inLanguage\":\"en-GB\",\"potentialAction\":[{\"@type\":\"ReadAction\",\"target\":[\"https:\\\/\\\/www.cvs-marketing.com\\\/pourquoi-externaliser-son-marketing-b2b-7-avantages-concrets-pour-votre-pme\\\/\"]}]},{\"@type\":\"BreadcrumbList\",\"@id\":\"https:\\\/\\\/www.cvs-marketing.com\\\/pourquoi-externaliser-son-marketing-b2b-7-avantages-concrets-pour-votre-pme\\\/#breadcrumb\",\"itemListElement\":[{\"@type\":\"ListItem\",\"position\":1,\"name\":\"Accueil\",\"item\":\"https:\\\/\\\/www.cvs-marketing.com\\\/\"},{\"@type\":\"ListItem\",\"position\":2,\"name\":\"Strat\u00e9gie &amp; Positionnement B2B\",\"item\":\"https:\\\/\\\/www.cvs-marketing.com\\\/category\\\/strategie-positionnement-b2b\\\/\"},{\"@type\":\"ListItem\",\"position\":3,\"name\":\"Pourquoi externaliser son marketing B2B : 7 avantages concrets pour votre PME\"}]},{\"@type\":\"WebSite\",\"@id\":\"https:\\\/\\\/www.cvs-marketing.com\\\/#website\",\"url\":\"https:\\\/\\\/www.cvs-marketing.com\\\/\",\"name\":\"Agence Conseil en Marketing BtoB - CVS Marketing\",\"description\":\"Conseil, Strat\u00e9gie, Externalisation, Digital et Services CVS Marketing\",\"publisher\":{\"@id\":\"https:\\\/\\\/www.cvs-marketing.com\\\/#organization\"},\"alternateName\":\"Agence Conseil en Marketing BtoB - CVS Marketing\",\"potentialAction\":[{\"@type\":\"SearchAction\",\"target\":{\"@type\":\"EntryPoint\",\"urlTemplate\":\"https:\\\/\\\/www.cvs-marketing.com\\\/?s={search_term_string}\"},\"query-input\":{\"@type\":\"PropertyValueSpecification\",\"valueRequired\":true,\"valueName\":\"search_term_string\"}}],\"inLanguage\":\"en-GB\"},{\"@type\":\"Organization\",\"@id\":\"https:\\\/\\\/www.cvs-marketing.com\\\/#organization\",\"name\":\"Agence Conseil en Marketing BtoB - CVS Marketing\",\"url\":\"https:\\\/\\\/www.cvs-marketing.com\\\/\",\"logo\":{\"@type\":\"ImageObject\",\"inLanguage\":\"en-GB\",\"@id\":\"https:\\\/\\\/www.cvs-marketing.com\\\/#\\\/schema\\\/logo\\\/image\\\/\",\"url\":\"https:\\\/\\\/www.cvs-marketing.com\\\/wp-content\\\/uploads\\\/2025\\\/02\\\/logoCVS25.svg\",\"contentUrl\":\"https:\\\/\\\/www.cvs-marketing.com\\\/wp-content\\\/uploads\\\/2025\\\/02\\\/logoCVS25.svg\",\"width\":\"1024\",\"height\":\"1024\",\"caption\":\"Agence Conseil en Marketing BtoB - CVS Marketing\"},\"image\":{\"@id\":\"https:\\\/\\\/www.cvs-marketing.com\\\/#\\\/schema\\\/logo\\\/image\\\/\"},\"sameAs\":[\"https:\\\/\\\/www.facebook.com\\\/agencecvsmarketing\",\"https:\\\/\\\/www.linkedin.com\\\/company\\\/agence-cvs-marketing\\\/\"]},{\"@type\":\"Person\",\"@id\":\"https:\\\/\\\/www.cvs-marketing.com\\\/#\\\/schema\\\/person\\\/ad66a0ed59c3f291d7d666fb1401058d\",\"name\":\"C.Valentin Soupin\",\"image\":{\"@type\":\"ImageObject\",\"inLanguage\":\"en-GB\",\"@id\":\"https:\\\/\\\/secure.gravatar.com\\\/avatar\\\/fccc105d39f5df9933fbf25388938f846e5d2bac720e16aff00cd74e80391630?s=96&d=mm&r=g\",\"url\":\"https:\\\/\\\/secure.gravatar.com\\\/avatar\\\/fccc105d39f5df9933fbf25388938f846e5d2bac720e16aff00cd74e80391630?s=96&d=mm&r=g\",\"contentUrl\":\"https:\\\/\\\/secure.gravatar.com\\\/avatar\\\/fccc105d39f5df9933fbf25388938f846e5d2bac720e16aff00cd74e80391630?s=96&d=mm&r=g\",\"caption\":\"C.Valentin Soupin\"},\"url\":\"https:\\\/\\\/www.cvs-marketing.com\\\/en\\\/author\\\/c-valentin-soupin\\\/\"}]}<\/script>\n<!-- \/ Yoast SEO plugin. -->","yoast_head_json":{"title":"Why outsource your B2B marketing: 7 concrete advantages for your SME - CVS Marketing - Agence Conseil en Marketing BtoB","robots":{"index":"index","follow":"follow","max-snippet":"max-snippet:-1","max-image-preview":"max-image-preview:large","max-video-preview":"max-video-preview:-1"},"canonical":"https:\/\/www.cvs-marketing.com\/en\/why-outsource-your-b2b-marketing-7-concrete-benefits-for-your-sme\/","og_locale":"en_GB","og_type":"article","og_title":"Pourquoi externaliser son marketing B2B : 7 avantages concrets pour votre PME - CVS Marketing - Agence Conseil en Marketing BtoB","og_description":"Dans un environnement concurrentiel en constante \u00e9volution, les PME B2B doivent redoubler d'efforts pour capter l'attention de leurs prospects, se diff\u00e9rencier et g\u00e9n\u00e9rer des leads qualifi\u00e9s. Pourtant, beaucoup de petites et moyennes entreprises peinent \u00e0 structurer une strat\u00e9gie marketing efficace, par manque de temps, de ressources ou d\u2019expertise.Faire appel \u00e0 une agence sp\u00e9cialis\u00e9e ou \u00e0 [&hellip;]","og_url":"https:\/\/www.cvs-marketing.com\/en\/why-outsource-your-b2b-marketing-7-concrete-benefits-for-your-sme\/","og_site_name":"CVS Marketing - Agence Conseil en Marketing BtoB","article_publisher":"https:\/\/www.facebook.com\/agencecvsmarketing","article_published_time":"2025-06-03T09:58:22+00:00","article_modified_time":"2025-12-14T14:36:39+00:00","author":"C.Valentin Soupin","twitter_card":"summary_large_image","twitter_misc":{"Written by":"C.Valentin Soupin","Estimated reading time":"10 minutes"},"schema":{"@context":"https:\/\/schema.org","@graph":[{"@type":"Article","@id":"https:\/\/www.cvs-marketing.com\/pourquoi-externaliser-son-marketing-b2b-7-avantages-concrets-pour-votre-pme\/#article","isPartOf":{"@id":"https:\/\/www.cvs-marketing.com\/pourquoi-externaliser-son-marketing-b2b-7-avantages-concrets-pour-votre-pme\/"},"author":{"name":"C.Valentin Soupin","@id":"https:\/\/www.cvs-marketing.com\/#\/schema\/person\/ad66a0ed59c3f291d7d666fb1401058d"},"headline":"Pourquoi externaliser son marketing B2B : 7 avantages concrets pour votre PME","datePublished":"2025-06-03T09:58:22+00:00","dateModified":"2025-12-14T14:36:39+00:00","mainEntityOfPage":{"@id":"https:\/\/www.cvs-marketing.com\/pourquoi-externaliser-son-marketing-b2b-7-avantages-concrets-pour-votre-pme\/"},"wordCount":5231,"publisher":{"@id":"https:\/\/www.cvs-marketing.com\/#organization"},"articleSection":["Strat\u00e9gie &amp; Positionnement B2B"],"inLanguage":"en-GB"},{"@type":"WebPage","@id":"https:\/\/www.cvs-marketing.com\/pourquoi-externaliser-son-marketing-b2b-7-avantages-concrets-pour-votre-pme\/","url":"https:\/\/www.cvs-marketing.com\/pourquoi-externaliser-son-marketing-b2b-7-avantages-concrets-pour-votre-pme\/","name":"Why outsource your B2B marketing: 7 concrete advantages for your SME - CVS Marketing - Agence Conseil en Marketing BtoB","isPartOf":{"@id":"https:\/\/www.cvs-marketing.com\/#website"},"datePublished":"2025-06-03T09:58:22+00:00","dateModified":"2025-12-14T14:36:39+00:00","breadcrumb":{"@id":"https:\/\/www.cvs-marketing.com\/pourquoi-externaliser-son-marketing-b2b-7-avantages-concrets-pour-votre-pme\/#breadcrumb"},"inLanguage":"en-GB","potentialAction":[{"@type":"ReadAction","target":["https:\/\/www.cvs-marketing.com\/pourquoi-externaliser-son-marketing-b2b-7-avantages-concrets-pour-votre-pme\/"]}]},{"@type":"BreadcrumbList","@id":"https:\/\/www.cvs-marketing.com\/pourquoi-externaliser-son-marketing-b2b-7-avantages-concrets-pour-votre-pme\/#breadcrumb","itemListElement":[{"@type":"ListItem","position":1,"name":"Accueil","item":"https:\/\/www.cvs-marketing.com\/"},{"@type":"ListItem","position":2,"name":"Strat\u00e9gie &amp; Positionnement B2B","item":"https:\/\/www.cvs-marketing.com\/category\/strategie-positionnement-b2b\/"},{"@type":"ListItem","position":3,"name":"Pourquoi externaliser son marketing B2B : 7 avantages concrets pour votre PME"}]},{"@type":"WebSite","@id":"https:\/\/www.cvs-marketing.com\/#website","url":"https:\/\/www.cvs-marketing.com\/","name":"BtoB Marketing Consulting Agency - CVS Marketing","description":"Consulting, Strategy, Outsourcing, Digital and Services CVS Marketing","publisher":{"@id":"https:\/\/www.cvs-marketing.com\/#organization"},"alternateName":"Agence Conseil en Marketing BtoB - CVS Marketing","potentialAction":[{"@type":"SearchAction","target":{"@type":"EntryPoint","urlTemplate":"https:\/\/www.cvs-marketing.com\/?s={search_term_string}"},"query-input":{"@type":"PropertyValueSpecification","valueRequired":true,"valueName":"search_term_string"}}],"inLanguage":"en-GB"},{"@type":"Organization","@id":"https:\/\/www.cvs-marketing.com\/#organization","name":"BtoB Marketing Consulting Agency - CVS Marketing","url":"https:\/\/www.cvs-marketing.com\/","logo":{"@type":"ImageObject","inLanguage":"en-GB","@id":"https:\/\/www.cvs-marketing.com\/#\/schema\/logo\/image\/","url":"https:\/\/www.cvs-marketing.com\/wp-content\/uploads\/2025\/02\/logoCVS25.svg","contentUrl":"https:\/\/www.cvs-marketing.com\/wp-content\/uploads\/2025\/02\/logoCVS25.svg","width":"1024","height":"1024","caption":"Agence Conseil en Marketing BtoB - CVS Marketing"},"image":{"@id":"https:\/\/www.cvs-marketing.com\/#\/schema\/logo\/image\/"},"sameAs":["https:\/\/www.facebook.com\/agencecvsmarketing","https:\/\/www.linkedin.com\/company\/agence-cvs-marketing\/"]},{"@type":"Person","@id":"https:\/\/www.cvs-marketing.com\/#\/schema\/person\/ad66a0ed59c3f291d7d666fb1401058d","name":"C.Valentin Soupin","image":{"@type":"ImageObject","inLanguage":"en-GB","@id":"https:\/\/secure.gravatar.com\/avatar\/fccc105d39f5df9933fbf25388938f846e5d2bac720e16aff00cd74e80391630?s=96&d=mm&r=g","url":"https:\/\/secure.gravatar.com\/avatar\/fccc105d39f5df9933fbf25388938f846e5d2bac720e16aff00cd74e80391630?s=96&d=mm&r=g","contentUrl":"https:\/\/secure.gravatar.com\/avatar\/fccc105d39f5df9933fbf25388938f846e5d2bac720e16aff00cd74e80391630?s=96&d=mm&r=g","caption":"C.Valentin Soupin"},"url":"https:\/\/www.cvs-marketing.com\/en\/author\/c-valentin-soupin\/"}]}},"_links":{"self":[{"href":"https:\/\/www.cvs-marketing.com\/en\/wp-json\/wp\/v2\/posts\/3954","targetHints":{"allow":["GET"]}}],"collection":[{"href":"https:\/\/www.cvs-marketing.com\/en\/wp-json\/wp\/v2\/posts"}],"about":[{"href":"https:\/\/www.cvs-marketing.com\/en\/wp-json\/wp\/v2\/types\/post"}],"author":[{"embeddable":true,"href":"https:\/\/www.cvs-marketing.com\/en\/wp-json\/wp\/v2\/users\/3"}],"replies":[{"embeddable":true,"href":"https:\/\/www.cvs-marketing.com\/en\/wp-json\/wp\/v2\/comments?post=3954"}],"version-history":[{"count":9,"href":"https:\/\/www.cvs-marketing.com\/en\/wp-json\/wp\/v2\/posts\/3954\/revisions"}],"predecessor-version":[{"id":4387,"href":"https:\/\/www.cvs-marketing.com\/en\/wp-json\/wp\/v2\/posts\/3954\/revisions\/4387"}],"wp:attachment":[{"href":"https:\/\/www.cvs-marketing.com\/en\/wp-json\/wp\/v2\/media?parent=3954"}],"wp:term":[{"taxonomy":"category","embeddable":true,"href":"https:\/\/www.cvs-marketing.com\/en\/wp-json\/wp\/v2\/categories?post=3954"},{"taxonomy":"post_tag","embeddable":true,"href":"https:\/\/www.cvs-marketing.com\/en\/wp-json\/wp\/v2\/tags?post=3954"}],"curies":[{"name":"wp","href":"https:\/\/api.w.org\/{rel}","templated":true}]}}